{"id":1514,"date":"2021-11-20T09:46:00","date_gmt":"2021-11-20T09:46:00","guid":{"rendered":"https:\/\/www.toporigor.pt\/?p=1514"},"modified":"2025-02-21T10:48:03","modified_gmt":"2025-02-21T10:48:03","slug":"associacao-nacional-de-topografos","status":"publish","type":"post","link":"https:\/\/www.toporigor.pt\/en\/associacao-nacional-de-topografos\/","title":{"rendered":"III SEMINAR<br>Topography, 30 years of Evolution and Transformation"},"content":{"rendered":"<div class=\"alignwide-wrap\" data-block=\"heading\">\n<h3 class=\"wp-block-heading alignwide has-text-align-center\">NSA - National Surveyors Association<\/h3>\n<\/div>\n\n<div class=\"alignwide-wrap\" data-block=\"heading\">\n<h3 class=\"wp-block-heading alignwide has-text-align-center\">Aveiro Congress Center<\/h3>\n<\/div>\n\n\n<div style=\"height:50px\" aria-hidden=\"true\" class=\"wp-block-spacer\"><\/div>\n\n\n\t\t\t\t\t<div\n\t\t\t\t\t\tclass=\"wp-block-uagb-image-gallery uagb-block-23199485\"\n\t\t\t\t\t\tstyle=\"\"\n\t\t\t\t\t>\n\t\t\t\t\t\t\t\t\t\t\t<div class=\"spectra-image-gallery spectra-image-gallery__layout--masonry spectra-image-gallery__layout--masonry-col-3 spectra-image-gallery__layout--masonry-col-tab-3 spectra-image-gallery__layout--masonry-col-mob-2\">\n\t\t\t\t\t\t\t\t\t\t\t<div class='spectra-image-gallery__media-wrapper--isotope'>\n\t\t\t\t\t\t\t<div class='spectra-image-gallery__media-wrapper' data-spectra-gallery-image-id='1521' tabindex=\"0\">\n\t\t\t\t\t\t\t<div class=\"spectra-image-gallery__media spectra-image-gallery__media--masonry\">\n\t\t\t\t<picture>\n\t\t\t\t\t<source media=\"(min-width: 1024px)\" srcset=\"https:\/\/www.toporigor.pt\/wp-content\/uploads\/2022\/01\/FB_IMG_1637740531651-1024x682.jpg\">\n\t\t\t\t\t<source media=\"(min-width: 768px)\" srcset=\"https:\/\/www.toporigor.pt\/wp-content\/uploads\/2022\/01\/FB_IMG_1637740531651-1024x682.jpg\">\n\t\t\t\t\t<img decoding=\"async\" class=\"spectra-image-gallery__media-thumbnail spectra-image-gallery__media-thumbnail--masonry\" src=\"https:\/\/www.toporigor.pt\/wp-content\/uploads\/2022\/01\/FB_IMG_1637740531651-300x200.jpg\" alt=\"Associa\u00e7\u00e3o Nacional de Top\u00f3grafos\" loading=\"lazy\" \/>\n\t\t\t\t<\/picture>\n\t\t\t\t<div class=\"spectra-image-gallery__media-thumbnail-blurrer\"><\/div>\n\t\t\t\t\t\t\t\t\t\t\t<div class=\"spectra-image-gallery__media-thumbnail-caption-wrapper spectra-image-gallery__media-thumbnail-caption-wrapper--overlay\"><\/div>\n\t\t\t\t\t\t\t\t<\/div>\n\t\t\t\t\t\t<\/div>\n\t\t\t\t\t\t<\/div>\n\t\t\t\t\t\t<div class='spectra-image-gallery__media-wrapper--isotope'>\n\t\t\t\t\t\t\t<div class='spectra-image-gallery__media-wrapper' data-spectra-gallery-image-id='1523' tabindex=\"0\">\n\t\t\t\t\t\t\t<div class=\"spectra-image-gallery__media spectra-image-gallery__media--masonry\">\n\t\t\t\t<picture>\n\t\t\t\t\t<source media=\"(min-width: 1024px)\" srcset=\"https:\/\/www.toporigor.pt\/wp-content\/uploads\/2022\/01\/FB_IMG_1637740558382-682x1024.jpg\">\n\t\t\t\t\t<source media=\"(min-width: 768px)\" srcset=\"https:\/\/www.toporigor.pt\/wp-content\/uploads\/2022\/01\/FB_IMG_1637740558382-682x1024.jpg\">\n\t\t\t\t\t<img decoding=\"async\" class=\"spectra-image-gallery__media-thumbnail spectra-image-gallery__media-thumbnail--masonry\" src=\"https:\/\/www.toporigor.pt\/wp-content\/uploads\/2022\/01\/FB_IMG_1637740558382-200x300.jpg\" alt=\"Associa\u00e7\u00e3o Nacional de Top\u00f3grafos\" loading=\"lazy\" \/>\n\t\t\t\t<\/picture>\n\t\t\t\t<div class=\"spectra-image-gallery__media-thumbnail-blurrer\"><\/div>\n\t\t\t\t\t\t\t\t\t\t\t<div class=\"spectra-image-gallery__media-thumbnail-caption-wrapper spectra-image-gallery__media-thumbnail-caption-wrapper--overlay\"><\/div>\n\t\t\t\t\t\t\t\t<\/div>\n\t\t\t\t\t\t<\/div>\n\t\t\t\t\t\t<\/div>\n\t\t\t\t\t\t<div class='spectra-image-gallery__media-wrapper--isotope'>\n\t\t\t\t\t\t\t<div class='spectra-image-gallery__media-wrapper' data-spectra-gallery-image-id='1522' tabindex=\"0\">\n\t\t\t\t\t\t\t<div class=\"spectra-image-gallery__media spectra-image-gallery__media--masonry\">\n\t\t\t\t<picture>\n\t\t\t\t\t<source media=\"(min-width: 1024px)\" srcset=\"https:\/\/www.toporigor.pt\/wp-content\/uploads\/2022\/01\/FB_IMG_1637740547283-1024x682.jpg\">\n\t\t\t\t\t<source media=\"(min-width: 768px)\" srcset=\"https:\/\/www.toporigor.pt\/wp-content\/uploads\/2022\/01\/FB_IMG_1637740547283-1024x682.jpg\">\n\t\t\t\t\t<img decoding=\"async\" class=\"spectra-image-gallery__media-thumbnail spectra-image-gallery__media-thumbnail--masonry\" src=\"https:\/\/www.toporigor.pt\/wp-content\/uploads\/2022\/01\/FB_IMG_1637740547283-300x200.jpg\" alt=\"III SEMIN\u00c1RIO - Topografia, 30 anos de Evolu\u00e7\u00e3o e Transforma\u00e7\u00e3o\" loading=\"lazy\" \/>\n\t\t\t\t<\/picture>\n\t\t\t\t<div class=\"spectra-image-gallery__media-thumbnail-blurrer\"><\/div>\n\t\t\t\t\t\t\t\t\t\t\t<div class=\"spectra-image-gallery__media-thumbnail-caption-wrapper spectra-image-gallery__media-thumbnail-caption-wrapper--overlay\"><\/div>\n\t\t\t\t\t\t\t\t<\/div>\n\t\t\t\t\t\t<\/div>\n\t\t\t\t\t\t<\/div>\n\t\t\t\t\t\t<div class='spectra-image-gallery__media-wrapper--isotope'>\n\t\t\t\t\t\t\t<div class='spectra-image-gallery__media-wrapper' data-spectra-gallery-image-id='1525' tabindex=\"0\">\n\t\t\t\t\t\t\t<div class=\"spectra-image-gallery__media spectra-image-gallery__media--masonry\">\n\t\t\t\t<picture>\n\t\t\t\t\t<source media=\"(min-width: 1024px)\" srcset=\"https:\/\/www.toporigor.pt\/wp-content\/uploads\/2022\/01\/FB_IMG_1637740576522-1024x682.jpg\">\n\t\t\t\t\t<source media=\"(min-width: 768px)\" srcset=\"https:\/\/www.toporigor.pt\/wp-content\/uploads\/2022\/01\/FB_IMG_1637740576522-1024x682.jpg\">\n\t\t\t\t\t<img decoding=\"async\" class=\"spectra-image-gallery__media-thumbnail spectra-image-gallery__media-thumbnail--masonry\" src=\"https:\/\/www.toporigor.pt\/wp-content\/uploads\/2022\/01\/FB_IMG_1637740576522-300x200.jpg\" alt=\"III SEMIN\u00c1RIO - Topografia, 30 anos de Evolu\u00e7\u00e3o e Transforma\u00e7\u00e3o\" loading=\"lazy\" \/>\n\t\t\t\t<\/picture>\n\t\t\t\t<div class=\"spectra-image-gallery__media-thumbnail-blurrer\"><\/div>\n\t\t\t\t\t\t\t\t\t\t\t<div class=\"spectra-image-gallery__media-thumbnail-caption-wrapper spectra-image-gallery__media-thumbnail-caption-wrapper--overlay\"><\/div>\n\t\t\t\t\t\t\t\t<\/div>\n\t\t\t\t\t\t<\/div>\n\t\t\t\t\t\t<\/div>\n\t\t\t\t\t\t<div class='spectra-image-gallery__media-wrapper--isotope'>\n\t\t\t\t\t\t\t<div class='spectra-image-gallery__media-wrapper' data-spectra-gallery-image-id='1524' tabindex=\"0\">\n\t\t\t\t\t\t\t<div class=\"spectra-image-gallery__media spectra-image-gallery__media--masonry\">\n\t\t\t\t<picture>\n\t\t\t\t\t<source media=\"(min-width: 1024px)\" srcset=\"https:\/\/www.toporigor.pt\/wp-content\/uploads\/2022\/01\/FB_IMG_1637740566944-1024x682.jpg\">\n\t\t\t\t\t<source media=\"(min-width: 768px)\" srcset=\"https:\/\/www.toporigor.pt\/wp-content\/uploads\/2022\/01\/FB_IMG_1637740566944-1024x682.jpg\">\n\t\t\t\t\t<img decoding=\"async\" class=\"spectra-image-gallery__media-thumbnail spectra-image-gallery__media-thumbnail--masonry\" src=\"https:\/\/www.toporigor.pt\/wp-content\/uploads\/2022\/01\/FB_IMG_1637740566944-300x200.jpg\" alt=\"III SEMIN\u00c1RIO - Topografia, 30 anos de Evolu\u00e7\u00e3o e Transforma\u00e7\u00e3o\" loading=\"lazy\" \/>\n\t\t\t\t<\/picture>\n\t\t\t\t<div class=\"spectra-image-gallery__media-thumbnail-blurrer\"><\/div>\n\t\t\t\t\t\t\t\t\t\t\t<div class=\"spectra-image-gallery__media-thumbnail-caption-wrapper spectra-image-gallery__media-thumbnail-caption-wrapper--overlay\"><\/div>\n\t\t\t\t\t\t\t\t<\/div>\n\t\t\t\t\t\t<\/div>\n\t\t\t\t\t\t<\/div>\n\t\t\t\t\t\t<div class='spectra-image-gallery__media-wrapper--isotope'>\n\t\t\t\t\t\t\t<div class='spectra-image-gallery__media-wrapper' data-spectra-gallery-image-id='1527' tabindex=\"0\">\n\t\t\t\t\t\t\t<div class=\"spectra-image-gallery__media spectra-image-gallery__media--masonry\">\n\t\t\t\t<picture>\n\t\t\t\t\t<source media=\"(min-width: 1024px)\" srcset=\"https:\/\/www.toporigor.pt\/wp-content\/uploads\/2022\/01\/FB_IMG_1637740591088-1024x682.jpg\">\n\t\t\t\t\t<source media=\"(min-width: 768px)\" srcset=\"https:\/\/www.toporigor.pt\/wp-content\/uploads\/2022\/01\/FB_IMG_1637740591088-1024x682.jpg\">\n\t\t\t\t\t<img decoding=\"async\" class=\"spectra-image-gallery__media-thumbnail spectra-image-gallery__media-thumbnail--masonry\" src=\"https:\/\/www.toporigor.pt\/wp-content\/uploads\/2022\/01\/FB_IMG_1637740591088-300x200.jpg\" alt=\"III SEMIN\u00c1RIO - Topografia, 30 anos de Evolu\u00e7\u00e3o e Transforma\u00e7\u00e3o\" loading=\"lazy\" \/>\n\t\t\t\t<\/picture>\n\t\t\t\t<div class=\"spectra-image-gallery__media-thumbnail-blurrer\"><\/div>\n\t\t\t\t\t\t\t\t\t\t\t<div class=\"spectra-image-gallery__media-thumbnail-caption-wrapper spectra-image-gallery__media-thumbnail-caption-wrapper--overlay\"><\/div>\n\t\t\t\t\t\t\t\t<\/div>\n\t\t\t\t\t\t<\/div>\n\t\t\t\t\t\t<\/div>\n\t\t\t\t\t\t<div class='spectra-image-gallery__media-wrapper--isotope'>\n\t\t\t\t\t\t\t<div class='spectra-image-gallery__media-wrapper' data-spectra-gallery-image-id='1528' tabindex=\"0\">\n\t\t\t\t\t\t\t<div class=\"spectra-image-gallery__media spectra-image-gallery__media--masonry\">\n\t\t\t\t<picture>\n\t\t\t\t\t<source media=\"(min-width: 1024px)\" srcset=\"https:\/\/www.toporigor.pt\/wp-content\/uploads\/2022\/01\/FB_IMG_1637740602220-1024x682.jpg\">\n\t\t\t\t\t<source media=\"(min-width: 768px)\" srcset=\"https:\/\/www.toporigor.pt\/wp-content\/uploads\/2022\/01\/FB_IMG_1637740602220-1024x682.jpg\">\n\t\t\t\t\t<img decoding=\"async\" class=\"spectra-image-gallery__media-thumbnail spectra-image-gallery__media-thumbnail--masonry\" src=\"https:\/\/www.toporigor.pt\/wp-content\/uploads\/2022\/01\/FB_IMG_1637740602220-300x200.jpg\" alt=\"III SEMIN\u00c1RIO - Topografia, 30 anos de Evolu\u00e7\u00e3o e Transforma\u00e7\u00e3o\" loading=\"lazy\" \/>\n\t\t\t\t<\/picture>\n\t\t\t\t<div class=\"spectra-image-gallery__media-thumbnail-blurrer\"><\/div>\n\t\t\t\t\t\t\t\t\t\t\t<div class=\"spectra-image-gallery__media-thumbnail-caption-wrapper spectra-image-gallery__media-thumbnail-caption-wrapper--overlay\"><\/div>\n\t\t\t\t\t\t\t\t<\/div>\n\t\t\t\t\t\t<\/div>\n\t\t\t\t\t\t<\/div>\n\t\t\t\t\t\t<div class='spectra-image-gallery__media-wrapper--isotope'>\n\t\t\t\t\t\t\t<div class='spectra-image-gallery__media-wrapper' data-spectra-gallery-image-id='1526' tabindex=\"0\">\n\t\t\t\t\t\t\t<div class=\"spectra-image-gallery__media spectra-image-gallery__media--masonry\">\n\t\t\t\t<picture>\n\t\t\t\t\t<source media=\"(min-width: 1024px)\" srcset=\"https:\/\/www.toporigor.pt\/wp-content\/uploads\/2022\/01\/FB_IMG_1637740583525-1024x682.jpg\">\n\t\t\t\t\t<source media=\"(min-width: 768px)\" srcset=\"https:\/\/www.toporigor.pt\/wp-content\/uploads\/2022\/01\/FB_IMG_1637740583525-1024x682.jpg\">\n\t\t\t\t\t<img decoding=\"async\" class=\"spectra-image-gallery__media-thumbnail spectra-image-gallery__media-thumbnail--masonry\" src=\"https:\/\/www.toporigor.pt\/wp-content\/uploads\/2022\/01\/FB_IMG_1637740583525-300x200.jpg\" alt=\"III SEMIN\u00c1RIO - Topografia, 30 anos de Evolu\u00e7\u00e3o e Transforma\u00e7\u00e3o\" loading=\"lazy\" \/>\n\t\t\t\t<\/picture>\n\t\t\t\t<div class=\"spectra-image-gallery__media-thumbnail-blurrer\"><\/div>\n\t\t\t\t\t\t\t\t\t\t\t<div class=\"spectra-image-gallery__media-thumbnail-caption-wrapper spectra-image-gallery__media-thumbnail-caption-wrapper--overlay\"><\/div>\n\t\t\t\t\t\t\t\t<\/div>\n\t\t\t\t\t\t<\/div>\n\t\t\t\t\t\t<\/div>\n\t\t\t\t\t\t<div class='spectra-image-gallery__media-wrapper--isotope'>\n\t\t\t\t\t\t\t<div class='spectra-image-gallery__media-wrapper' data-spectra-gallery-image-id='1520' tabindex=\"0\">\n\t\t\t\t\t\t\t<div class=\"spectra-image-gallery__media spectra-image-gallery__media--masonry\">\n\t\t\t\t<picture>\n\t\t\t\t\t<source media=\"(min-width: 1024px)\" srcset=\"https:\/\/www.toporigor.pt\/wp-content\/uploads\/2022\/01\/FB_IMG_1637740511332-1024x682.jpg\">\n\t\t\t\t\t<source media=\"(min-width: 768px)\" srcset=\"https:\/\/www.toporigor.pt\/wp-content\/uploads\/2022\/01\/FB_IMG_1637740511332-1024x682.jpg\">\n\t\t\t\t\t<img decoding=\"async\" class=\"spectra-image-gallery__media-thumbnail spectra-image-gallery__media-thumbnail--masonry\" src=\"https:\/\/www.toporigor.pt\/wp-content\/uploads\/2022\/01\/FB_IMG_1637740511332-300x200.jpg\" alt=\"III SEMIN\u00c1RIO - Topografia, 30 anos de Evolu\u00e7\u00e3o e Transforma\u00e7\u00e3o\" loading=\"lazy\" \/>\n\t\t\t\t<\/picture>\n\t\t\t\t<div class=\"spectra-image-gallery__media-thumbnail-blurrer\"><\/div>\n\t\t\t\t\t\t\t\t\t\t\t<div class=\"spectra-image-gallery__media-thumbnail-caption-wrapper spectra-image-gallery__media-thumbnail-caption-wrapper--overlay\"><\/div>\n\t\t\t\t\t\t\t\t<\/div>\n\t\t\t\t\t\t<\/div>\n\t\t\t\t\t\t<\/div>\n\t\t\t\t\t\t<div class='spectra-image-gallery__media-wrapper--isotope'>\n\t\t\t\t\t\t\t<div class='spectra-image-gallery__media-wrapper' data-spectra-gallery-image-id='1519' tabindex=\"0\">\n\t\t\t\t\t\t\t<div class=\"spectra-image-gallery__media spectra-image-gallery__media--masonry\">\n\t\t\t\t<picture>\n\t\t\t\t\t<source media=\"(min-width: 1024px)\" srcset=\"https:\/\/www.toporigor.pt\/wp-content\/uploads\/2022\/01\/FB_IMG_1637740475006-1024x682.jpg\">\n\t\t\t\t\t<source media=\"(min-width: 768px)\" srcset=\"https:\/\/www.toporigor.pt\/wp-content\/uploads\/2022\/01\/FB_IMG_1637740475006-1024x682.jpg\">\n\t\t\t\t\t<img decoding=\"async\" class=\"spectra-image-gallery__media-thumbnail spectra-image-gallery__media-thumbnail--masonry\" src=\"https:\/\/www.toporigor.pt\/wp-content\/uploads\/2022\/01\/FB_IMG_1637740475006-300x200.jpg\" alt=\"III SEMIN\u00c1RIO - Topografia, 30 anos de Evolu\u00e7\u00e3o e Transforma\u00e7\u00e3o\" loading=\"lazy\" \/>\n\t\t\t\t<\/picture>\n\t\t\t\t<div class=\"spectra-image-gallery__media-thumbnail-blurrer\"><\/div>\n\t\t\t\t\t\t\t\t\t\t\t<div class=\"spectra-image-gallery__media-thumbnail-caption-wrapper spectra-image-gallery__media-thumbnail-caption-wrapper--overlay\"><\/div>\n\t\t\t\t\t\t\t\t<\/div>\n\t\t\t\t\t\t<\/div>\n\t\t\t\t\t\t<\/div>\n\t\t\t\t\t\t<div class='spectra-image-gallery__media-wrapper--isotope'>\n\t\t\t\t\t\t\t<div class='spectra-image-gallery__media-wrapper' data-spectra-gallery-image-id='1517' tabindex=\"0\">\n\t\t\t\t\t\t\t<div class=\"spectra-image-gallery__media spectra-image-gallery__media--masonry\">\n\t\t\t\t<picture>\n\t\t\t\t\t<source media=\"(min-width: 1024px)\" srcset=\"https:\/\/www.toporigor.pt\/wp-content\/uploads\/2022\/01\/FB_IMG_1637740436040-1024x682.jpg\">\n\t\t\t\t\t<source media=\"(min-width: 768px)\" srcset=\"https:\/\/www.toporigor.pt\/wp-content\/uploads\/2022\/01\/FB_IMG_1637740436040-1024x682.jpg\">\n\t\t\t\t\t<img decoding=\"async\" class=\"spectra-image-gallery__media-thumbnail spectra-image-gallery__media-thumbnail--masonry\" src=\"https:\/\/www.toporigor.pt\/wp-content\/uploads\/2022\/01\/FB_IMG_1637740436040-300x200.jpg\" alt=\"Associa\u00e7\u00e3o Nacional de Top\u00f3grafos\" loading=\"lazy\" \/>\n\t\t\t\t<\/picture>\n\t\t\t\t<div class=\"spectra-image-gallery__media-thumbnail-blurrer\"><\/div>\n\t\t\t\t\t\t\t\t\t\t\t<div class=\"spectra-image-gallery__media-thumbnail-caption-wrapper spectra-image-gallery__media-thumbnail-caption-wrapper--overlay\"><\/div>\n\t\t\t\t\t\t\t\t<\/div>\n\t\t\t\t\t\t<\/div>\n\t\t\t\t\t\t<\/div>\n\t\t\t\t\t\t<div class='spectra-image-gallery__media-wrapper--isotope'>\n\t\t\t\t\t\t\t<div class='spectra-image-gallery__media-wrapper' data-spectra-gallery-image-id='1516' tabindex=\"0\">\n\t\t\t\t\t\t\t<div class=\"spectra-image-gallery__media spectra-image-gallery__media--masonry\">\n\t\t\t\t<picture>\n\t\t\t\t\t<source media=\"(min-width: 1024px)\" srcset=\"https:\/\/www.toporigor.pt\/wp-content\/uploads\/2022\/01\/FB_IMG_1637740427759-1024x682.jpg\">\n\t\t\t\t\t<source media=\"(min-width: 768px)\" srcset=\"https:\/\/www.toporigor.pt\/wp-content\/uploads\/2022\/01\/FB_IMG_1637740427759-1024x682.jpg\">\n\t\t\t\t\t<img decoding=\"async\" class=\"spectra-image-gallery__media-thumbnail spectra-image-gallery__media-thumbnail--masonry\" src=\"https:\/\/www.toporigor.pt\/wp-content\/uploads\/2022\/01\/FB_IMG_1637740427759-300x200.jpg\" alt=\"Associa\u00e7\u00e3o Nacional de Top\u00f3grafos\" loading=\"lazy\" \/>\n\t\t\t\t<\/picture>\n\t\t\t\t<div class=\"spectra-image-gallery__media-thumbnail-blurrer\"><\/div>\n\t\t\t\t\t\t\t\t\t\t\t<div class=\"spectra-image-gallery__media-thumbnail-caption-wrapper spectra-image-gallery__media-thumbnail-caption-wrapper--overlay\"><\/div>\n\t\t\t\t\t\t\t\t<\/div>\n\t\t\t\t\t\t<\/div>\n\t\t\t\t\t\t<\/div>\n\t\t\t\t\t\t<div class='spectra-image-gallery__media-wrapper--isotope'>\n\t\t\t\t\t\t\t<div class='spectra-image-gallery__media-wrapper' data-spectra-gallery-image-id='1518' tabindex=\"0\">\n\t\t\t\t\t\t\t<div class=\"spectra-image-gallery__media spectra-image-gallery__media--masonry\">\n\t\t\t\t<picture>\n\t\t\t\t\t<source media=\"(min-width: 1024px)\" srcset=\"https:\/\/www.toporigor.pt\/wp-content\/uploads\/2022\/01\/FB_IMG_1637740442083-1024x682.jpg\">\n\t\t\t\t\t<source media=\"(min-width: 768px)\" srcset=\"https:\/\/www.toporigor.pt\/wp-content\/uploads\/2022\/01\/FB_IMG_1637740442083-1024x682.jpg\">\n\t\t\t\t\t<img decoding=\"async\" class=\"spectra-image-gallery__media-thumbnail spectra-image-gallery__media-thumbnail--masonry\" src=\"https:\/\/www.toporigor.pt\/wp-content\/uploads\/2022\/01\/FB_IMG_1637740442083-300x200.jpg\" alt=\"Associa\u00e7\u00e3o Nacional de Top\u00f3grafos\" loading=\"lazy\" \/>\n\t\t\t\t<\/picture>\n\t\t\t\t<div class=\"spectra-image-gallery__media-thumbnail-blurrer\"><\/div>\n\t\t\t\t\t\t\t\t\t\t\t<div class=\"spectra-image-gallery__media-thumbnail-caption-wrapper spectra-image-gallery__media-thumbnail-caption-wrapper--overlay\"><\/div>\n\t\t\t\t\t\t\t\t<\/div>\n\t\t\t\t\t\t<\/div>\n\t\t\t\t\t\t<\/div>\n\t\t\t\t\t\t<div class='spectra-image-gallery__media-wrapper--isotope'>\n\t\t\t\t\t\t\t<div class='spectra-image-gallery__media-wrapper' data-spectra-gallery-image-id='1515' tabindex=\"0\">\n\t\t\t\t\t\t\t<div class=\"spectra-image-gallery__media spectra-image-gallery__media--masonry\">\n\t\t\t\t<picture>\n\t\t\t\t\t<source media=\"(min-width: 1024px)\" srcset=\"https:\/\/www.toporigor.pt\/wp-content\/uploads\/2022\/01\/FB_IMG_1637740399795-1024x682.jpg\">\n\t\t\t\t\t<source media=\"(min-width: 768px)\" srcset=\"https:\/\/www.toporigor.pt\/wp-content\/uploads\/2022\/01\/FB_IMG_1637740399795-1024x682.jpg\">\n\t\t\t\t\t<img decoding=\"async\" class=\"spectra-image-gallery__media-thumbnail spectra-image-gallery__media-thumbnail--masonry\" src=\"https:\/\/www.toporigor.pt\/wp-content\/uploads\/2022\/01\/FB_IMG_1637740399795-300x200.jpg\" alt=\"Associa\u00e7\u00e3o Nacional de Top\u00f3grafos\" loading=\"lazy\" \/>\n\t\t\t\t<\/picture>\n\t\t\t\t<div class=\"spectra-image-gallery__media-thumbnail-blurrer\"><\/div>\n\t\t\t\t\t\t\t\t\t\t\t<div class=\"spectra-image-gallery__media-thumbnail-caption-wrapper spectra-image-gallery__media-thumbnail-caption-wrapper--overlay\"><\/div>\n\t\t\t\t\t\t\t\t<\/div>\n\t\t\t\t\t\t<\/div>\n\t\t\t\t\t\t<\/div>\n\t\t\t\t\t\t\t\t\t\t<\/div>\n\t\t\t\t\t\t\t\t\t\t\t\t\t\t\t\t\t\t<\/div>\n\t\t\t\t\t\t\t\t\t\t\t<div class='spectra-image-gallery__control-lightbox' tabindex='0'>\n\t\t\t\t\t\t\t\t\t\t\t<div class=\"swiper spectra-image-gallery__control-lightbox--main\" dir=\"\">\n\t\t\t\t\t<div class=\"swiper-wrapper\">\n\t\t\t\t\t\t\t\t\t\t\t\t\t\n\t\t\t\t\t\t\t<div class=\"swiper-slide\">\n\t\t\t\t\t\t\t\t<img class=\"swiper-lazy\" data-src=\"https:\/\/www.toporigor.pt\/wp-content\/uploads\/2022\/01\/FB_IMG_1637740531651.jpg\" alt=\"Associa\u00e7\u00e3o Nacional de Top\u00f3grafos\"\/>\n\t\t\t\t\t\t\t\t<div class=\"swiper-lazy-preloader swiper-lazy-preloader-white\"><\/div>\n\t\t\t\t\t\t\t\t\t\t\t\t\t\t\t<\/div>\n\t\t\t\t\t\t\t\t\t\t\t\t\t\n\t\t\t\t\t\t\t<div class=\"swiper-slide\">\n\t\t\t\t\t\t\t\t<img class=\"swiper-lazy\" data-src=\"https:\/\/www.toporigor.pt\/wp-content\/uploads\/2022\/01\/FB_IMG_1637740558382.jpg\" alt=\"Associa\u00e7\u00e3o Nacional de Top\u00f3grafos\"\/>\n\t\t\t\t\t\t\t\t<div class=\"swiper-lazy-preloader swiper-lazy-preloader-white\"><\/div>\n\t\t\t\t\t\t\t\t\t\t\t\t\t\t\t<\/div>\n\t\t\t\t\t\t\t\t\t\t\t\t\t\n\t\t\t\t\t\t\t<div class=\"swiper-slide\">\n\t\t\t\t\t\t\t\t<img class=\"swiper-lazy\" data-src=\"https:\/\/www.toporigor.pt\/wp-content\/uploads\/2022\/01\/FB_IMG_1637740547283.jpg\" alt=\"III SEMIN\u00c1RIO - Topografia, 30 anos de Evolu\u00e7\u00e3o e Transforma\u00e7\u00e3o\"\/>\n\t\t\t\t\t\t\t\t<div class=\"swiper-lazy-preloader swiper-lazy-preloader-white\"><\/div>\n\t\t\t\t\t\t\t\t\t\t\t\t\t\t\t<\/div>\n\t\t\t\t\t\t\t\t\t\t\t\t\t\n\t\t\t\t\t\t\t<div class=\"swiper-slide\">\n\t\t\t\t\t\t\t\t<img class=\"swiper-lazy\" data-src=\"https:\/\/www.toporigor.pt\/wp-content\/uploads\/2022\/01\/FB_IMG_1637740576522.jpg\" alt=\"III SEMIN\u00c1RIO - Topografia, 30 anos de Evolu\u00e7\u00e3o e Transforma\u00e7\u00e3o\"\/>\n\t\t\t\t\t\t\t\t<div class=\"swiper-lazy-preloader swiper-lazy-preloader-white\"><\/div>\n\t\t\t\t\t\t\t\t\t\t\t\t\t\t\t<\/div>\n\t\t\t\t\t\t\t\t\t\t\t\t\t\n\t\t\t\t\t\t\t<div class=\"swiper-slide\">\n\t\t\t\t\t\t\t\t<img class=\"swiper-lazy\" data-src=\"https:\/\/www.toporigor.pt\/wp-content\/uploads\/2022\/01\/FB_IMG_1637740566944.jpg\" alt=\"III SEMIN\u00c1RIO - Topografia, 30 anos de Evolu\u00e7\u00e3o e Transforma\u00e7\u00e3o\"\/>\n\t\t\t\t\t\t\t\t<div class=\"swiper-lazy-preloader swiper-lazy-preloader-white\"><\/div>\n\t\t\t\t\t\t\t\t\t\t\t\t\t\t\t<\/div>\n\t\t\t\t\t\t\t\t\t\t\t\t\t\n\t\t\t\t\t\t\t<div class=\"swiper-slide\">\n\t\t\t\t\t\t\t\t<img class=\"swiper-lazy\" data-src=\"https:\/\/www.toporigor.pt\/wp-content\/uploads\/2022\/01\/FB_IMG_1637740591088.jpg\" alt=\"III SEMIN\u00c1RIO - Topografia, 30 anos de Evolu\u00e7\u00e3o e Transforma\u00e7\u00e3o\"\/>\n\t\t\t\t\t\t\t\t<div class=\"swiper-lazy-preloader swiper-lazy-preloader-white\"><\/div>\n\t\t\t\t\t\t\t\t\t\t\t\t\t\t\t<\/div>\n\t\t\t\t\t\t\t\t\t\t\t\t\t\n\t\t\t\t\t\t\t<div class=\"swiper-slide\">\n\t\t\t\t\t\t\t\t<img class=\"swiper-lazy\" data-src=\"https:\/\/www.toporigor.pt\/wp-content\/uploads\/2022\/01\/FB_IMG_1637740602220.jpg\" alt=\"III SEMIN\u00c1RIO - Topografia, 30 anos de Evolu\u00e7\u00e3o e Transforma\u00e7\u00e3o\"\/>\n\t\t\t\t\t\t\t\t<div class=\"swiper-lazy-preloader swiper-lazy-preloader-white\"><\/div>\n\t\t\t\t\t\t\t\t\t\t\t\t\t\t\t<\/div>\n\t\t\t\t\t\t\t\t\t\t\t\t\t\n\t\t\t\t\t\t\t<div class=\"swiper-slide\">\n\t\t\t\t\t\t\t\t<img class=\"swiper-lazy\" data-src=\"https:\/\/www.toporigor.pt\/wp-content\/uploads\/2022\/01\/FB_IMG_1637740583525.jpg\" alt=\"III SEMIN\u00c1RIO - Topografia, 30 anos de Evolu\u00e7\u00e3o e Transforma\u00e7\u00e3o\"\/>\n\t\t\t\t\t\t\t\t<div class=\"swiper-lazy-preloader swiper-lazy-preloader-white\"><\/div>\n\t\t\t\t\t\t\t\t\t\t\t\t\t\t\t<\/div>\n\t\t\t\t\t\t\t\t\t\t\t\t\t\n\t\t\t\t\t\t\t<div class=\"swiper-slide\">\n\t\t\t\t\t\t\t\t<img class=\"swiper-lazy\" data-src=\"https:\/\/www.toporigor.pt\/wp-content\/uploads\/2022\/01\/FB_IMG_1637740511332.jpg\" alt=\"III SEMIN\u00c1RIO - Topografia, 30 anos de Evolu\u00e7\u00e3o e Transforma\u00e7\u00e3o\"\/>\n\t\t\t\t\t\t\t\t<div class=\"swiper-lazy-preloader swiper-lazy-preloader-white\"><\/div>\n\t\t\t\t\t\t\t\t\t\t\t\t\t\t\t<\/div>\n\t\t\t\t\t\t\t\t\t\t\t\t\t\n\t\t\t\t\t\t\t<div class=\"swiper-slide\">\n\t\t\t\t\t\t\t\t<img class=\"swiper-lazy\" data-src=\"https:\/\/www.toporigor.pt\/wp-content\/uploads\/2022\/01\/FB_IMG_1637740475006.jpg\" alt=\"III SEMIN\u00c1RIO - Topografia, 30 anos de Evolu\u00e7\u00e3o e Transforma\u00e7\u00e3o\"\/>\n\t\t\t\t\t\t\t\t<div class=\"swiper-lazy-preloader swiper-lazy-preloader-white\"><\/div>\n\t\t\t\t\t\t\t\t\t\t\t\t\t\t\t<\/div>\n\t\t\t\t\t\t\t\t\t\t\t\t\t\n\t\t\t\t\t\t\t<div class=\"swiper-slide\">\n\t\t\t\t\t\t\t\t<img class=\"swiper-lazy\" data-src=\"https:\/\/www.toporigor.pt\/wp-content\/uploads\/2022\/01\/FB_IMG_1637740436040.jpg\" alt=\"Associa\u00e7\u00e3o Nacional de Top\u00f3grafos\"\/>\n\t\t\t\t\t\t\t\t<div class=\"swiper-lazy-preloader swiper-lazy-preloader-white\"><\/div>\n\t\t\t\t\t\t\t\t\t\t\t\t\t\t\t<\/div>\n\t\t\t\t\t\t\t\t\t\t\t\t\t\n\t\t\t\t\t\t\t<div class=\"swiper-slide\">\n\t\t\t\t\t\t\t\t<img class=\"swiper-lazy\" data-src=\"https:\/\/www.toporigor.pt\/wp-content\/uploads\/2022\/01\/FB_IMG_1637740427759.jpg\" alt=\"Associa\u00e7\u00e3o Nacional de Top\u00f3grafos\"\/>\n\t\t\t\t\t\t\t\t<div class=\"swiper-lazy-preloader swiper-lazy-preloader-white\"><\/div>\n\t\t\t\t\t\t\t\t\t\t\t\t\t\t\t<\/div>\n\t\t\t\t\t\t\t\t\t\t\t\t\t\n\t\t\t\t\t\t\t<div class=\"swiper-slide\">\n\t\t\t\t\t\t\t\t<img class=\"swiper-lazy\" data-src=\"https:\/\/www.toporigor.pt\/wp-content\/uploads\/2022\/01\/FB_IMG_1637740442083.jpg\" alt=\"Associa\u00e7\u00e3o Nacional de Top\u00f3grafos\"\/>\n\t\t\t\t\t\t\t\t<div class=\"swiper-lazy-preloader swiper-lazy-preloader-white\"><\/div>\n\t\t\t\t\t\t\t\t\t\t\t\t\t\t\t<\/div>\n\t\t\t\t\t\t\t\t\t\t\t\t\t\n\t\t\t\t\t\t\t<div class=\"swiper-slide\">\n\t\t\t\t\t\t\t\t<img class=\"swiper-lazy\" data-src=\"https:\/\/www.toporigor.pt\/wp-content\/uploads\/2022\/01\/FB_IMG_1637740399795.jpg\" alt=\"Associa\u00e7\u00e3o Nacional de Top\u00f3grafos\"\/>\n\t\t\t\t\t\t\t\t<div class=\"swiper-lazy-preloader swiper-lazy-preloader-white\"><\/div>\n\t\t\t\t\t\t\t\t\t\t\t\t\t\t\t<\/div>\n\t\t\t\t\t\t\t\t\t\t\t<\/div>\n\t\t\t\t\t<div class=\"swiper-button-next\"><\/div>\n\t\t\t\t\t<div class=\"swiper-button-prev\"><\/div>\n\t\t\t\t<\/div>\t\t\t\n\t\t\t\t\t\t\t\t\t\t\t\t\t\t\t\t\t\t\t\t\t\t\t\t\t\t\t\t\t\t\t\t<button class='spectra-image-gallery__control-lightbox--close' aria-label=\"Close\">\n\t\t\t\t\t\t\t\t\t\t\t\t\t<svg xmlns=\"https:\/\/www.w3.org\/2000\/svg\" viewbox= \"0 0 320 512\"><path d=\"M310.6 361.4c12.5 12.5 12.5 32.75 0 45.25C304.4 412.9 296.2 416 288 416s-16.38-3.125-22.62-9.375L160 301.3L54.63 406.6C48.38 412.9 40.19 416 32 416S15.63 412.9 9.375 406.6c-12.5-12.5-12.5-32.75 0-45.25l105.4-105.4L9.375 150.6c-12.5-12.5-12.5-32.75 0-45.25s32.75-12.5 45.25 0L160 210.8l105.4-105.4c12.5-12.5 32.75-12.5 45.25 0s12.5 32.75 0 45.25l-105.4 105.4L310.6 361.4z\"><\/path><\/svg>\n\t\t\t\t\t\t\t\t\t\t\t\t<\/button>\n\t\t\t\t\t\t\t\t\t\t\t\t\t<\/div>\n\t\t\t\t\t\t\t\t\t\n\n\n<p><\/p>\n\n\n\n<div style=\"height:100px\" aria-hidden=\"true\" class=\"wp-block-spacer\"><\/div>\n\n\n\n<hr class=\"wp-block-separator has-alpha-channel-opacity\"\/>\n\n\n\n\t\t\t<div class=\"wp-block-uagb-post-grid uagb-post-grid  uagb-post__image-position-top uagb-post__image-enabled uagb-block-726a3593     uagb-post__items uagb-post__columns-3 is-grid uagb-post__columns-tablet-2 uagb-post__columns-mobile-1 uagb-post__equal-height\" data-total=\"4\" style=\"\">\n\n\t\t\t\t\t\t\t\t\t\t\t\t<article class=\"uagb-post__inner-wrap\">\t\t\t\t\t\t\t\t<div class='uagb-post__image'>\n\t\t\t\t\t\t\t\t\t<a href=\"https:\/\/www.toporigor.pt\/en\/com-orgulho-partilhamos-que-a-toporigor-completa-hoje-os-seus-25-anos\/\" target=\"_self\" rel=\"bookmark noopener noreferrer\" class='uagb-image-ratio-inherit'><img loading=\"lazy\" decoding=\"async\" width=\"1024\" height=\"1024\" src=\"https:\/\/www.toporigor.pt\/wp-content\/uploads\/2026\/01\/9016820-1024x1024.jpg\" class=\"attachment-large size-large\" alt=\"TopoRigor 25 Anos\" srcset=\"https:\/\/www.toporigor.pt\/wp-content\/uploads\/2026\/01\/9016820-1024x1024.jpg 1024w, https:\/\/www.toporigor.pt\/wp-content\/uploads\/2026\/01\/9016820-300x300.jpg 300w, https:\/\/www.toporigor.pt\/wp-content\/uploads\/2026\/01\/9016820-150x150.jpg 150w, https:\/\/www.toporigor.pt\/wp-content\/uploads\/2026\/01\/9016820-768x768.jpg 768w, https:\/\/www.toporigor.pt\/wp-content\/uploads\/2026\/01\/9016820-1536x1536.jpg 1536w, https:\/\/www.toporigor.pt\/wp-content\/uploads\/2026\/01\/9016820-12x12.jpg 12w, https:\/\/www.toporigor.pt\/wp-content\/uploads\/2026\/01\/9016820.jpg 2000w\" sizes=\"auto, (max-width: 1024px) 100vw, 1024px\" \/>\t\t\t\t\t<\/a>\n\t\t\t\t\t\t\t<\/div>\n\t\t\t\t\t\t<h4 class=\"uagb-post__title uagb-post__text\">\n\t\t\t\t<a href=\"https:\/\/www.toporigor.pt\/en\/com-orgulho-partilhamos-que-a-toporigor-completa-hoje-os-seus-25-anos\/\" target=\"_self\" rel=\"bookmark noopener noreferrer\">Com imenso orgulho, partilhamos que a TopoRigor completa os seus 25 ANOS<\/a>\n\t\t\t<\/h4>\n\t\t\t\t\t\t<div class='uagb-post__text uagb-post-grid-byline'>\n\t\t\t\t\t\t\t\t<time datetime=\"2026-01-03T11:56:01+00:00\" class=\"uagb-post__date\">\n\t\t\t\t<span class=\"dashicons-calendar dashicons\"><\/span>\t\t\t\t\t3 de January, 2026\t\t\t\t<\/time>\n\t\t\t\t\t\t\t<span class=\"uagb-post__comment\">\n\t\t\t\t<span class=\"dashicons-admin-comments dashicons\"><\/span>\t\t\t\t\tNo Comments\t\t\t\t<\/span>\n\t\t\t\t\t\t<\/div>\n\t\t\t\t\t\t\t<div class='uagb-post__text uagb-post__excerpt'>\n\t\t\t\t\t<p>Imagem 25 anos, gentilmente cedida pela FREEPIK A TopoRigor 3D Geoci\u00eancias- Topografia, Engenharia e Projeto,&#8230;\t\t\t\t<\/div>\n\t\t\t\t\t\t<div class=\"uagb-post__text uagb-post__cta wp-block-button\">\n\t\t\t\t<a class=\"wp-block-button__link uagb-text-link\" style=\"\" href=\"https:\/\/www.toporigor.pt\/en\/com-orgulho-partilhamos-que-a-toporigor-completa-hoje-os-seus-25-anos\/\" target=\"_self\" rel=\"bookmark noopener noreferrer\">Read More<\/a>\n\t\t\t<\/div>\n\t\t\t\n\t\t\t\t\t\t\t\t\t<\/article>\n\t\t\t\t\t\t\t\t\t\t\t\t\t\t\t\t<article class=\"uagb-post__inner-wrap\">\t\t\t\t\t\t\t\t<div class='uagb-post__image'>\n\t\t\t\t\t\t\t\t\t<a href=\"https:\/\/www.toporigor.pt\/en\/revista-business-toporigor-3d-geociencias-entrevista-2025\/\" target=\"_self\" rel=\"bookmark noopener noreferrer\" class='uagb-image-ratio-inherit'><img loading=\"lazy\" decoding=\"async\" width=\"661\" height=\"821\" src=\"https:\/\/www.toporigor.pt\/wp-content\/uploads\/2025\/08\/REVISTA-BUSINESS-2025_separador.jpg\" class=\"attachment-large size-large\" alt=\"\" srcset=\"https:\/\/www.toporigor.pt\/wp-content\/uploads\/2025\/08\/REVISTA-BUSINESS-2025_separador.jpg 661w, https:\/\/www.toporigor.pt\/wp-content\/uploads\/2025\/08\/REVISTA-BUSINESS-2025_separador-242x300.jpg 242w, https:\/\/www.toporigor.pt\/wp-content\/uploads\/2025\/08\/REVISTA-BUSINESS-2025_separador-10x12.jpg 10w\" sizes=\"auto, (max-width: 661px) 100vw, 661px\" \/>\t\t\t\t\t<\/a>\n\t\t\t\t\t\t\t<\/div>\n\t\t\t\t\t\t<h4 class=\"uagb-post__title uagb-post__text\">\n\t\t\t\t<a href=\"https:\/\/www.toporigor.pt\/en\/revista-business-toporigor-3d-geociencias-entrevista-2025\/\" target=\"_self\" rel=\"bookmark noopener noreferrer\">REVISTA BUSINESS &#8211; TopoRigor 3D Geoci\u00eancias &#8211; Entrevista 2025<\/a>\n\t\t\t<\/h4>\n\t\t\t\t\t\t<div class='uagb-post__text uagb-post-grid-byline'>\n\t\t\t\t\t\t\t\t<time datetime=\"2025-08-20T09:42:24+00:00\" class=\"uagb-post__date\">\n\t\t\t\t<span class=\"dashicons-calendar dashicons\"><\/span>\t\t\t\t\t20 de August, 2025\t\t\t\t<\/time>\n\t\t\t\t\t\t\t<span class=\"uagb-post__comment\">\n\t\t\t\t<span class=\"dashicons-admin-comments dashicons\"><\/span>\t\t\t\t\tNo Comments\t\t\t\t<\/span>\n\t\t\t\t\t\t<\/div>\n\t\t\t\t\t\t\t<div class='uagb-post__text uagb-post__excerpt'>\n\t\t\t\t\t\t\t\t\t<\/div>\n\t\t\t\t\t\t<div class=\"uagb-post__text uagb-post__cta wp-block-button\">\n\t\t\t\t<a class=\"wp-block-button__link uagb-text-link\" style=\"\" href=\"https:\/\/www.toporigor.pt\/en\/revista-business-toporigor-3d-geociencias-entrevista-2025\/\" target=\"_self\" rel=\"bookmark noopener noreferrer\">Read More<\/a>\n\t\t\t<\/div>\n\t\t\t\n\t\t\t\t\t\t\t\t\t<\/article>\n\t\t\t\t\t\t\t\t\t\t\t\t\t\t\t\t<article class=\"uagb-post__inner-wrap\">\t\t\t\t\t\t\t\t<div class='uagb-post__image'>\n\t\t\t\t\t\t\t\t\t<a href=\"https:\/\/www.toporigor.pt\/en\/toporigor-3d-geociencias-no-top-5-melhores-pme-portugal-2024-pelo-3o-ano-consecutivo\/\" target=\"_self\" rel=\"bookmark noopener noreferrer\" class='uagb-image-ratio-inherit'><img loading=\"lazy\" decoding=\"async\" width=\"1017\" height=\"1024\" src=\"https:\/\/www.toporigor.pt\/wp-content\/uploads\/2025\/05\/Selo-1-1017x1024.png\" class=\"attachment-large size-large\" alt=\"\" srcset=\"https:\/\/www.toporigor.pt\/wp-content\/uploads\/2025\/05\/Selo-1-1017x1024.png 1017w, https:\/\/www.toporigor.pt\/wp-content\/uploads\/2025\/05\/Selo-1-298x300.png 298w, https:\/\/www.toporigor.pt\/wp-content\/uploads\/2025\/05\/Selo-1-150x150.png 150w, https:\/\/www.toporigor.pt\/wp-content\/uploads\/2025\/05\/Selo-1-768x773.png 768w, https:\/\/www.toporigor.pt\/wp-content\/uploads\/2025\/05\/Selo-1-12x12.png 12w, https:\/\/www.toporigor.pt\/wp-content\/uploads\/2025\/05\/Selo-1.png 1400w\" sizes=\"auto, (max-width: 1017px) 100vw, 1017px\" \/>\t\t\t\t\t<\/a>\n\t\t\t\t\t\t\t<\/div>\n\t\t\t\t\t\t<h4 class=\"uagb-post__title uagb-post__text\">\n\t\t\t\t<a href=\"https:\/\/www.toporigor.pt\/en\/toporigor-3d-geociencias-no-top-5-melhores-pme-portugal-2024-pelo-3o-ano-consecutivo\/\" target=\"_self\" rel=\"bookmark noopener noreferrer\">TopoRigor 3D Geoci\u00eancias no TOP 5% MELHORES PME PORTUGAL 2024 pelo 3\u00ba ano consecutivo<\/a>\n\t\t\t<\/h4>\n\t\t\t\t\t\t<div class='uagb-post__text uagb-post-grid-byline'>\n\t\t\t\t\t\t\t\t<time datetime=\"2025-05-22T14:36:00+00:00\" class=\"uagb-post__date\">\n\t\t\t\t<span class=\"dashicons-calendar dashicons\"><\/span>\t\t\t\t\t22 de May, 2025\t\t\t\t<\/time>\n\t\t\t\t\t\t\t<span class=\"uagb-post__comment\">\n\t\t\t\t<span class=\"dashicons-admin-comments dashicons\"><\/span>\t\t\t\t\tNo Comments\t\t\t\t<\/span>\n\t\t\t\t\t\t<\/div>\n\t\t\t\t\t\t\t<div class='uagb-post__text uagb-post__excerpt'>\n\t\t\t\t\thttps:\/\/scoring.pt\/empresas\/toporigor-3d-geociencias\/\t\t\t\t<\/div>\n\t\t\t\t\t\t<div class=\"uagb-post__text uagb-post__cta wp-block-button\">\n\t\t\t\t<a class=\"wp-block-button__link uagb-text-link\" style=\"\" href=\"https:\/\/www.toporigor.pt\/en\/toporigor-3d-geociencias-no-top-5-melhores-pme-portugal-2024-pelo-3o-ano-consecutivo\/\" target=\"_self\" rel=\"bookmark noopener noreferrer\">Read More<\/a>\n\t\t\t<\/div>\n\t\t\t\n\t\t\t\t\t\t\t\t\t<\/article>\n\t\t\t\t\t\t\t\t\t\t\t<\/div>\n\t\t\t\n\n\n<div style=\"height:100px\" aria-hidden=\"true\" class=\"wp-block-spacer\"><\/div>\n\n\n\n<p><\/p>","protected":false},"excerpt":{"rendered":"<div class=\"entry-summary\">\n<div class=\"entry-summary\">\nNational Association of Surveyors - Congress Center of Aveiro\n<\/div>\n<div class=\"link-more\"><a href=\"https:\/\/www.toporigor.pt\/en\/associacao-nacional-de-topografos\/\" class=\"more-link\">Continue reading<span class=\"screen-reader-text\"> &ldquo;III SEMIN\u00c1RIO<br \/>Topografia, 30 anos de Evolu\u00e7\u00e3o e Transforma\u00e7\u00e3o&rdquo;<\/span>&hellip;<\/a><\/div>\n<\/div>\n<div class=\"link-more\"><a href=\"https:\/\/www.toporigor.pt\/en\/associacao-nacional-de-topografos\/\" class=\"more-link\">Continue reading<span class=\"screen-reader-text\"> &ldquo;III SEMIN\u00c1RIO<br \/>Topografia, 30 anos de Evolu\u00e7\u00e3o e Transforma\u00e7\u00e3o&rdquo;<\/span>&hellip;<\/a><\/div>","protected":false},"author":2,"featured_media":1518,"comment_status":"open","ping_status":"open","sticky":false,"template":"","format":"standard","meta":{"_acf_changed":false,"_uag_custom_page_level_css":"","footnotes":""},"categories":[7],"tags":[96,95,94,76,77],"class_list":["post-1514","post","type-post","status-publish","format-standard","has-post-thumbnail","hentry","category-noticias","tag-ant","tag-associacao-nacional-de-topografos","tag-centro-congressos-aveiro","tag-topografia","tag-topografo","entry"],"acf":[],"yoast_head":"<!-- This site is optimized with the Yoast SEO plugin v27.5 - https:\/\/yoast.com\/product\/yoast-seo-wordpress\/ -->\n<title>III SEMIN\u00c1RIOTopografia, 30 anos de Evolu\u00e7\u00e3o e Transforma\u00e7\u00e3o &#8211; Toporigor 3D Geoci\u00eancias<\/title>\n<meta name=\"description\" content=\"ANT - Associa\u00e7\u00e3o Nacional de Top\u00f3grafos - Centro de Congressos de Aveiro\" \/>\n<meta name=\"robots\" content=\"index, follow, max-snippet:-1, max-image-preview:large, max-video-preview:-1\" \/>\n<link rel=\"canonical\" href=\"https:\/\/www.toporigor.pt\/en\/associacao-nacional-de-topografos\/\" \/>\n<meta property=\"og:locale\" content=\"en_GB\" \/>\n<meta property=\"og:type\" content=\"article\" \/>\n<meta property=\"og:title\" content=\"III SEMIN\u00c1RIOTopografia, 30 anos de Evolu\u00e7\u00e3o e Transforma\u00e7\u00e3o &#8211; Toporigor 3D Geoci\u00eancias\" \/>\n<meta property=\"og:description\" content=\"ANT - Associa\u00e7\u00e3o Nacional de Top\u00f3grafos - Centro de Congressos de Aveiro\" \/>\n<meta property=\"og:url\" content=\"https:\/\/www.toporigor.pt\/en\/associacao-nacional-de-topografos\/\" \/>\n<meta property=\"og:site_name\" content=\"Toporigor 3D Geoci\u00eancias\" \/>\n<meta property=\"article:publisher\" content=\"https:\/\/www.facebook.com\/laserscanning3D\" \/>\n<meta property=\"article:published_time\" content=\"2021-11-20T09:46:00+00:00\" \/>\n<meta property=\"article:modified_time\" content=\"2025-02-21T10:48:03+00:00\" \/>\n<meta property=\"og:image\" content=\"https:\/\/www.toporigor.pt\/wp-content\/uploads\/2022\/01\/FB_IMG_1637740442083.jpg\" \/>\n\t<meta property=\"og:image:width\" content=\"1081\" \/>\n\t<meta property=\"og:image:height\" content=\"720\" \/>\n\t<meta property=\"og:image:type\" content=\"image\/jpeg\" \/>\n<meta name=\"author\" content=\"Paulo Pereira\" \/>\n<meta name=\"twitter:card\" content=\"summary_large_image\" \/>\n<meta name=\"twitter:label1\" content=\"Written by\" \/>\n\t<meta name=\"twitter:data1\" content=\"Paulo Pereira\" \/>\n\t<meta name=\"twitter:label2\" content=\"Estimated reading time\" \/>\n\t<meta name=\"twitter:data2\" content=\"3 minutes\" \/>\n<script type=\"application\/ld+json\" class=\"yoast-schema-graph\">{\"@context\":\"https:\\\/\\\/schema.org\",\"@graph\":[{\"@type\":\"Article\",\"@id\":\"https:\\\/\\\/www.toporigor.pt\\\/associacao-nacional-de-topografos\\\/#article\",\"isPartOf\":{\"@id\":\"https:\\\/\\\/www.toporigor.pt\\\/associacao-nacional-de-topografos\\\/\"},\"author\":{\"name\":\"Paulo Pereira\",\"@id\":\"https:\\\/\\\/www.toporigor.pt\\\/#\\\/schema\\\/person\\\/a00ab7214dc60e38216a1d43e4559b77\"},\"headline\":\"III SEMIN\u00c1RIO Topografia, 30 anos de Evolu\u00e7\u00e3o e Transforma\u00e7\u00e3o\",\"datePublished\":\"2021-11-20T09:46:00+00:00\",\"dateModified\":\"2025-02-21T10:48:03+00:00\",\"mainEntityOfPage\":{\"@id\":\"https:\\\/\\\/www.toporigor.pt\\\/associacao-nacional-de-topografos\\\/\"},\"wordCount\":23,\"commentCount\":0,\"publisher\":{\"@id\":\"https:\\\/\\\/www.toporigor.pt\\\/#organization\"},\"image\":{\"@id\":\"https:\\\/\\\/www.toporigor.pt\\\/associacao-nacional-de-topografos\\\/#primaryimage\"},\"thumbnailUrl\":\"https:\\\/\\\/www.toporigor.pt\\\/wp-content\\\/uploads\\\/2022\\\/01\\\/FB_IMG_1637740442083.jpg\",\"keywords\":[\"ANT\",\"Associa\u00e7\u00e3o Nacional de Top\u00f3grafos\",\"Centro Congressos Aveiro\",\"topografia\",\"top\u00f3grafo\"],\"articleSection\":[\"Not\u00edcias\"],\"inLanguage\":\"en-GB\"},{\"@type\":\"WebPage\",\"@id\":\"https:\\\/\\\/www.toporigor.pt\\\/associacao-nacional-de-topografos\\\/\",\"url\":\"https:\\\/\\\/www.toporigor.pt\\\/associacao-nacional-de-topografos\\\/\",\"name\":\"III SEMIN\u00c1RIO Topografia, 30 anos de Evolu\u00e7\u00e3o e Transforma\u00e7\u00e3o &#8211; Toporigor 3D Geoci\u00eancias\",\"isPartOf\":{\"@id\":\"https:\\\/\\\/www.toporigor.pt\\\/#website\"},\"primaryImageOfPage\":{\"@id\":\"https:\\\/\\\/www.toporigor.pt\\\/associacao-nacional-de-topografos\\\/#primaryimage\"},\"image\":{\"@id\":\"https:\\\/\\\/www.toporigor.pt\\\/associacao-nacional-de-topografos\\\/#primaryimage\"},\"thumbnailUrl\":\"https:\\\/\\\/www.toporigor.pt\\\/wp-content\\\/uploads\\\/2022\\\/01\\\/FB_IMG_1637740442083.jpg\",\"datePublished\":\"2021-11-20T09:46:00+00:00\",\"dateModified\":\"2025-02-21T10:48:03+00:00\",\"description\":\"ANT - Associa\u00e7\u00e3o Nacional de Top\u00f3grafos - Centro de Congressos de Aveiro\",\"breadcrumb\":{\"@id\":\"https:\\\/\\\/www.toporigor.pt\\\/associacao-nacional-de-topografos\\\/#breadcrumb\"},\"inLanguage\":\"en-GB\",\"potentialAction\":[{\"@type\":\"ReadAction\",\"target\":[\"https:\\\/\\\/www.toporigor.pt\\\/associacao-nacional-de-topografos\\\/\"]}]},{\"@type\":\"ImageObject\",\"inLanguage\":\"en-GB\",\"@id\":\"https:\\\/\\\/www.toporigor.pt\\\/associacao-nacional-de-topografos\\\/#primaryimage\",\"url\":\"https:\\\/\\\/www.toporigor.pt\\\/wp-content\\\/uploads\\\/2022\\\/01\\\/FB_IMG_1637740442083.jpg\",\"contentUrl\":\"https:\\\/\\\/www.toporigor.pt\\\/wp-content\\\/uploads\\\/2022\\\/01\\\/FB_IMG_1637740442083.jpg\",\"width\":1081,\"height\":720,\"caption\":\"Associa\u00e7\u00e3o Nacional de Top\u00f3grafos\"},{\"@type\":\"BreadcrumbList\",\"@id\":\"https:\\\/\\\/www.toporigor.pt\\\/associacao-nacional-de-topografos\\\/#breadcrumb\",\"itemListElement\":[{\"@type\":\"ListItem\",\"position\":1,\"name\":\"In\u00edcio\",\"item\":\"https:\\\/\\\/www.toporigor.pt\\\/\"},{\"@type\":\"ListItem\",\"position\":2,\"name\":\"III SEMIN\u00c1RIOTopografia, 30 anos de Evolu\u00e7\u00e3o e Transforma\u00e7\u00e3o\"}]},{\"@type\":\"WebSite\",\"@id\":\"https:\\\/\\\/www.toporigor.pt\\\/#website\",\"url\":\"https:\\\/\\\/www.toporigor.pt\\\/\",\"name\":\"Toporigor 3D Geoci\u00eancias\",\"description\":\"Laser Scanning 3D, Geoci\u00eancias, Topografia, Engenharia, Projeto\",\"publisher\":{\"@id\":\"https:\\\/\\\/www.toporigor.pt\\\/#organization\"},\"potentialAction\":[{\"@type\":\"SearchAction\",\"target\":{\"@type\":\"EntryPoint\",\"urlTemplate\":\"https:\\\/\\\/www.toporigor.pt\\\/?s={search_term_string}\"},\"query-input\":{\"@type\":\"PropertyValueSpecification\",\"valueRequired\":true,\"valueName\":\"search_term_string\"}}],\"inLanguage\":\"en-GB\"},{\"@type\":\"Organization\",\"@id\":\"https:\\\/\\\/www.toporigor.pt\\\/#organization\",\"name\":\"TopoRigor 3D Geoci\u00eancias\",\"url\":\"https:\\\/\\\/www.toporigor.pt\\\/\",\"logo\":{\"@type\":\"ImageObject\",\"inLanguage\":\"en-GB\",\"@id\":\"https:\\\/\\\/www.toporigor.pt\\\/#\\\/schema\\\/logo\\\/image\\\/\",\"url\":\"https:\\\/\\\/i0.wp.com\\\/www.toporigor.pt\\\/wp-content\\\/uploads\\\/2021\\\/03\\\/logo-Toporigor2-02.png?fit=398%2C122&ssl=1\",\"contentUrl\":\"https:\\\/\\\/i0.wp.com\\\/www.toporigor.pt\\\/wp-content\\\/uploads\\\/2021\\\/03\\\/logo-Toporigor2-02.png?fit=398%2C122&ssl=1\",\"width\":398,\"height\":122,\"caption\":\"TopoRigor 3D Geoci\u00eancias\"},\"image\":{\"@id\":\"https:\\\/\\\/www.toporigor.pt\\\/#\\\/schema\\\/logo\\\/image\\\/\"},\"sameAs\":[\"https:\\\/\\\/www.facebook.com\\\/laserscanning3D\",\"https:\\\/\\\/www.linkedin.com\\\/in\\\/toporigor-paulopereira\\\/\"]},{\"@type\":\"Person\",\"@id\":\"https:\\\/\\\/www.toporigor.pt\\\/#\\\/schema\\\/person\\\/a00ab7214dc60e38216a1d43e4559b77\",\"name\":\"Paulo Pereira\",\"image\":{\"@type\":\"ImageObject\",\"inLanguage\":\"en-GB\",\"@id\":\"https:\\\/\\\/secure.gravatar.com\\\/avatar\\\/f0ee6996c07cce841b3c90caeb6662e60016fdf27122c87a0ff8c1c87cafd75c?s=96&d=mm&r=g\",\"url\":\"https:\\\/\\\/secure.gravatar.com\\\/avatar\\\/f0ee6996c07cce841b3c90caeb6662e60016fdf27122c87a0ff8c1c87cafd75c?s=96&d=mm&r=g\",\"contentUrl\":\"https:\\\/\\\/secure.gravatar.com\\\/avatar\\\/f0ee6996c07cce841b3c90caeb6662e60016fdf27122c87a0ff8c1c87cafd75c?s=96&d=mm&r=g\",\"caption\":\"Paulo Pereira\"},\"sameAs\":[\"http:\\\/\\\/www.toporigor.pt\"]}]}<\/script>\n<!-- \/ Yoast SEO plugin. -->","yoast_head_json":{"title":"III SEMIN\u00c1RIOTopografia, 30 anos de Evolu\u00e7\u00e3o e Transforma\u00e7\u00e3o &#8211; Toporigor 3D Geoci\u00eancias","description":"ANT - Associa\u00e7\u00e3o Nacional de Top\u00f3grafos - Centro de Congressos de Aveiro","robots":{"index":"index","follow":"follow","max-snippet":"max-snippet:-1","max-image-preview":"max-image-preview:large","max-video-preview":"max-video-preview:-1"},"canonical":"https:\/\/www.toporigor.pt\/en\/associacao-nacional-de-topografos\/","og_locale":"en_GB","og_type":"article","og_title":"III SEMIN\u00c1RIOTopografia, 30 anos de Evolu\u00e7\u00e3o e Transforma\u00e7\u00e3o &#8211; Toporigor 3D Geoci\u00eancias","og_description":"ANT - Associa\u00e7\u00e3o Nacional de Top\u00f3grafos - Centro de Congressos de Aveiro","og_url":"https:\/\/www.toporigor.pt\/en\/associacao-nacional-de-topografos\/","og_site_name":"Toporigor 3D Geoci\u00eancias","article_publisher":"https:\/\/www.facebook.com\/laserscanning3D","article_published_time":"2021-11-20T09:46:00+00:00","article_modified_time":"2025-02-21T10:48:03+00:00","og_image":[{"width":1081,"height":720,"url":"https:\/\/www.toporigor.pt\/wp-content\/uploads\/2022\/01\/FB_IMG_1637740442083.jpg","type":"image\/jpeg"}],"author":"Paulo Pereira","twitter_card":"summary_large_image","twitter_misc":{"Written by":"Paulo Pereira","Estimated reading time":"3 minutes"},"schema":{"@context":"https:\/\/schema.org","@graph":[{"@type":"Article","@id":"https:\/\/www.toporigor.pt\/associacao-nacional-de-topografos\/#article","isPartOf":{"@id":"https:\/\/www.toporigor.pt\/associacao-nacional-de-topografos\/"},"author":{"name":"Paulo Pereira","@id":"https:\/\/www.toporigor.pt\/#\/schema\/person\/a00ab7214dc60e38216a1d43e4559b77"},"headline":"III SEMIN\u00c1RIO Topografia, 30 anos de Evolu\u00e7\u00e3o e Transforma\u00e7\u00e3o","datePublished":"2021-11-20T09:46:00+00:00","dateModified":"2025-02-21T10:48:03+00:00","mainEntityOfPage":{"@id":"https:\/\/www.toporigor.pt\/associacao-nacional-de-topografos\/"},"wordCount":23,"commentCount":0,"publisher":{"@id":"https:\/\/www.toporigor.pt\/#organization"},"image":{"@id":"https:\/\/www.toporigor.pt\/associacao-nacional-de-topografos\/#primaryimage"},"thumbnailUrl":"https:\/\/www.toporigor.pt\/wp-content\/uploads\/2022\/01\/FB_IMG_1637740442083.jpg","keywords":["ANT","Associa\u00e7\u00e3o Nacional de Top\u00f3grafos","Centro Congressos Aveiro","topografia","top\u00f3grafo"],"articleSection":["Not\u00edcias"],"inLanguage":"en-GB"},{"@type":"WebPage","@id":"https:\/\/www.toporigor.pt\/associacao-nacional-de-topografos\/","url":"https:\/\/www.toporigor.pt\/associacao-nacional-de-topografos\/","name":"III SEMIN\u00c1RIO Topografia, 30 anos de Evolu\u00e7\u00e3o e Transforma\u00e7\u00e3o &#8211; Toporigor 3D Geoci\u00eancias","isPartOf":{"@id":"https:\/\/www.toporigor.pt\/#website"},"primaryImageOfPage":{"@id":"https:\/\/www.toporigor.pt\/associacao-nacional-de-topografos\/#primaryimage"},"image":{"@id":"https:\/\/www.toporigor.pt\/associacao-nacional-de-topografos\/#primaryimage"},"thumbnailUrl":"https:\/\/www.toporigor.pt\/wp-content\/uploads\/2022\/01\/FB_IMG_1637740442083.jpg","datePublished":"2021-11-20T09:46:00+00:00","dateModified":"2025-02-21T10:48:03+00:00","description":"ANT - Associa\u00e7\u00e3o Nacional de Top\u00f3grafos - Centro de Congressos de Aveiro","breadcrumb":{"@id":"https:\/\/www.toporigor.pt\/associacao-nacional-de-topografos\/#breadcrumb"},"inLanguage":"en-GB","potentialAction":[{"@type":"ReadAction","target":["https:\/\/www.toporigor.pt\/associacao-nacional-de-topografos\/"]}]},{"@type":"ImageObject","inLanguage":"en-GB","@id":"https:\/\/www.toporigor.pt\/associacao-nacional-de-topografos\/#primaryimage","url":"https:\/\/www.toporigor.pt\/wp-content\/uploads\/2022\/01\/FB_IMG_1637740442083.jpg","contentUrl":"https:\/\/www.toporigor.pt\/wp-content\/uploads\/2022\/01\/FB_IMG_1637740442083.jpg","width":1081,"height":720,"caption":"Associa\u00e7\u00e3o Nacional de Top\u00f3grafos"},{"@type":"BreadcrumbList","@id":"https:\/\/www.toporigor.pt\/associacao-nacional-de-topografos\/#breadcrumb","itemListElement":[{"@type":"ListItem","position":1,"name":"In\u00edcio","item":"https:\/\/www.toporigor.pt\/"},{"@type":"ListItem","position":2,"name":"III SEMIN\u00c1RIOTopografia, 30 anos de Evolu\u00e7\u00e3o e Transforma\u00e7\u00e3o"}]},{"@type":"WebSite","@id":"https:\/\/www.toporigor.pt\/#website","url":"https:\/\/www.toporigor.pt\/","name":"Toporigor 3D Geoci\u00eancias","description":"Laser Scanning 3D, Geoci\u00eancias, Topografia, Engenharia, Projeto","publisher":{"@id":"https:\/\/www.toporigor.pt\/#organization"},"potentialAction":[{"@type":"SearchAction","target":{"@type":"EntryPoint","urlTemplate":"https:\/\/www.toporigor.pt\/?s={search_term_string}"},"query-input":{"@type":"PropertyValueSpecification","valueRequired":true,"valueName":"search_term_string"}}],"inLanguage":"en-GB"},{"@type":"Organization","@id":"https:\/\/www.toporigor.pt\/#organization","name":"TopoRigor 3D Geoci\u00eancias","url":"https:\/\/www.toporigor.pt\/","logo":{"@type":"ImageObject","inLanguage":"en-GB","@id":"https:\/\/www.toporigor.pt\/#\/schema\/logo\/image\/","url":"https:\/\/i0.wp.com\/www.toporigor.pt\/wp-content\/uploads\/2021\/03\/logo-Toporigor2-02.png?fit=398%2C122&ssl=1","contentUrl":"https:\/\/i0.wp.com\/www.toporigor.pt\/wp-content\/uploads\/2021\/03\/logo-Toporigor2-02.png?fit=398%2C122&ssl=1","width":398,"height":122,"caption":"TopoRigor 3D Geoci\u00eancias"},"image":{"@id":"https:\/\/www.toporigor.pt\/#\/schema\/logo\/image\/"},"sameAs":["https:\/\/www.facebook.com\/laserscanning3D","https:\/\/www.linkedin.com\/in\/toporigor-paulopereira\/"]},{"@type":"Person","@id":"https:\/\/www.toporigor.pt\/#\/schema\/person\/a00ab7214dc60e38216a1d43e4559b77","name":"Paulo Pereira","image":{"@type":"ImageObject","inLanguage":"en-GB","@id":"https:\/\/secure.gravatar.com\/avatar\/f0ee6996c07cce841b3c90caeb6662e60016fdf27122c87a0ff8c1c87cafd75c?s=96&d=mm&r=g","url":"https:\/\/secure.gravatar.com\/avatar\/f0ee6996c07cce841b3c90caeb6662e60016fdf27122c87a0ff8c1c87cafd75c?s=96&d=mm&r=g","contentUrl":"https:\/\/secure.gravatar.com\/avatar\/f0ee6996c07cce841b3c90caeb6662e60016fdf27122c87a0ff8c1c87cafd75c?s=96&d=mm&r=g","caption":"Paulo Pereira"},"sameAs":["http:\/\/www.toporigor.pt"]}]}},"uagb_featured_image_src":{"full":["https:\/\/www.toporigor.pt\/wp-content\/uploads\/2022\/01\/FB_IMG_1637740442083.jpg",1081,720,false],"thumbnail":["https:\/\/www.toporigor.pt\/wp-content\/uploads\/2022\/01\/FB_IMG_1637740442083-150x150.jpg",150,150,true],"medium":["https:\/\/www.toporigor.pt\/wp-content\/uploads\/2022\/01\/FB_IMG_1637740442083-300x200.jpg",300,200,true],"medium_large":["https:\/\/www.toporigor.pt\/wp-content\/uploads\/2022\/01\/FB_IMG_1637740442083-768x512.jpg",768,512,true],"large":["https:\/\/www.toporigor.pt\/wp-content\/uploads\/2022\/01\/FB_IMG_1637740442083-1024x682.jpg",1024,682,true],"1536x1536":["https:\/\/www.toporigor.pt\/wp-content\/uploads\/2022\/01\/FB_IMG_1637740442083.jpg",1081,720,false],"2048x2048":["https:\/\/www.toporigor.pt\/wp-content\/uploads\/2022\/01\/FB_IMG_1637740442083.jpg",1081,720,false],"trp-custom-language-flag":["https:\/\/www.toporigor.pt\/wp-content\/uploads\/2022\/01\/FB_IMG_1637740442083-18x12.jpg",18,12,true],"reykjavik-intro":["https:\/\/www.toporigor.pt\/wp-content\/uploads\/2022\/01\/FB_IMG_1637740442083.jpg",1081,720,false]},"uagb_author_info":{"display_name":"Paulo Pereira","author_link":"https:\/\/www.toporigor.pt\/en\/author\/topopaulo\/"},"uagb_comment_info":0,"uagb_excerpt":"ANT &#8211; Associa\u00e7\u00e3o Nacional de Top\u00f3grafos Centro de Congressos de Aveiro Continue reading &ldquo;III SEMIN\u00c1RIOTopografia, 30 anos de Evolu\u00e7\u00e3o e Transforma\u00e7\u00e3o&rdquo;&hellip;","_links":{"self":[{"href":"https:\/\/www.toporigor.pt\/en\/wp-json\/wp\/v2\/posts\/1514","targetHints":{"allow":["GET"]}}],"collection":[{"href":"https:\/\/www.toporigor.pt\/en\/wp-json\/wp\/v2\/posts"}],"about":[{"href":"https:\/\/www.toporigor.pt\/en\/wp-json\/wp\/v2\/types\/post"}],"author":[{"embeddable":true,"href":"https:\/\/www.toporigor.pt\/en\/wp-json\/wp\/v2\/users\/2"}],"replies":[{"embeddable":true,"href":"https:\/\/www.toporigor.pt\/en\/wp-json\/wp\/v2\/comments?post=1514"}],"version-history":[{"count":19,"href":"https:\/\/www.toporigor.pt\/en\/wp-json\/wp\/v2\/posts\/1514\/revisions"}],"predecessor-version":[{"id":2598,"href":"https:\/\/www.toporigor.pt\/en\/wp-json\/wp\/v2\/posts\/1514\/revisions\/2598"}],"wp:featuredmedia":[{"embeddable":true,"href":"https:\/\/www.toporigor.pt\/en\/wp-json\/wp\/v2\/media\/1518"}],"wp:attachment":[{"href":"https:\/\/www.toporigor.pt\/en\/wp-json\/wp\/v2\/media?parent=1514"}],"wp:term":[{"taxonomy":"category","embeddable":true,"href":"https:\/\/www.toporigor.pt\/en\/wp-json\/wp\/v2\/categories?post=1514"},{"taxonomy":"post_tag","embeddable":true,"href":"https:\/\/www.toporigor.pt\/en\/wp-json\/wp\/v2\/tags?post=1514"}],"curies":[{"name":"wp","href":"https:\/\/api.w.org\/{rel}","templated":true}]}}